{"id":275,"date":"2019-01-01T08:49:40","date_gmt":"2019-01-01T07:49:40","guid":{"rendered":"http:\/\/verein-bellina.ch\/?p=275"},"modified":"2019-01-20T09:05:48","modified_gmt":"2019-01-20T08:05:48","slug":"es-guets-nueues-2019","status":"publish","type":"post","link":"https:\/\/verein-bellina.ch\/?p=275","title":{"rendered":"Es guets N\u00fc\u00fcs 2019"},"content":{"rendered":"<p><span style=\"color: #ff0000;\"><span style=\"color: #000000;\">Diesbach, 1. Januar 2019<\/span><br \/>\nEs guets N\u00fc\u00fcs!<\/span><\/p>\n<p><img loading=\"lazy\" decoding=\"async\" class=\"alignnone size-medium wp-image-258\" src=\"http:\/\/verein-bellina.ch\/wp-content\/uploads\/2019\/01\/n-300x169.jpg\" alt=\"\" width=\"300\" height=\"169\" srcset=\"https:\/\/verein-bellina.ch\/wp-content\/uploads\/2019\/01\/n-300x169.jpg 300w, https:\/\/verein-bellina.ch\/wp-content\/uploads\/2019\/01\/n-768x432.jpg 768w, https:\/\/verein-bellina.ch\/wp-content\/uploads\/2019\/01\/n-1024x576.jpg 1024w\" sizes=\"auto, (max-width: 300px) 100vw, 300px\" \/><\/p>\n<p><em>Bellina im Schnee (Foto: Graziano de Ambroggi)<\/em><\/p>\n<p>Der Vorstand vom Verein Bellina w\u00fcnscht allen ein gesundes, munteres, frohes neues Jahr mit guter Gesundheit und vielen sch\u00f6nen Momenten.<\/p>\n<p><img loading=\"lazy\" decoding=\"async\" class=\"alignnone size-medium wp-image-259\" src=\"http:\/\/verein-bellina.ch\/wp-content\/uploads\/2019\/01\/IMG_3930-300x225.jpg\" alt=\"\" width=\"300\" height=\"225\" srcset=\"https:\/\/verein-bellina.ch\/wp-content\/uploads\/2019\/01\/IMG_3930-300x225.jpg 300w, https:\/\/verein-bellina.ch\/wp-content\/uploads\/2019\/01\/IMG_3930-768x576.jpg 768w, https:\/\/verein-bellina.ch\/wp-content\/uploads\/2019\/01\/IMG_3930-1024x768.jpg 1024w, https:\/\/verein-bellina.ch\/wp-content\/uploads\/2019\/01\/IMG_3930.jpg 1824w\" sizes=\"auto, (max-width: 300px) 100vw, 300px\" \/><\/p>\n<p><em>Bellina (hinten links) mit Arthus und anderen Kolleg*innen (Foto: Anita Ochsner)<\/em><\/p>\n<p><img loading=\"lazy\" decoding=\"async\" class=\"alignnone size-medium wp-image-260\" src=\"http:\/\/verein-bellina.ch\/wp-content\/uploads\/2019\/01\/IMG_3933-300x225.jpg\" alt=\"\" width=\"300\" height=\"225\" srcset=\"https:\/\/verein-bellina.ch\/wp-content\/uploads\/2019\/01\/IMG_3933-300x225.jpg 300w, https:\/\/verein-bellina.ch\/wp-content\/uploads\/2019\/01\/IMG_3933-768x576.jpg 768w, https:\/\/verein-bellina.ch\/wp-content\/uploads\/2019\/01\/IMG_3933-1024x768.jpg 1024w, https:\/\/verein-bellina.ch\/wp-content\/uploads\/2019\/01\/IMG_3933.jpg 1824w\" sizes=\"auto, (max-width: 300px) 100vw, 300px\" \/><\/p>\n<p><em>Bellina w\u00fcnscht allen ein bewegtes Jahr! (Foto: Anita Ochsner)<\/em><\/p>\n<p>Vorstand Verein Bellina<br \/>\nPia und Fredy Kyburz, Michael Tanner, Graziano De Ambroggi, Anita Ochsner<\/p>\n<p>&nbsp;<\/p>\n<p>&nbsp;<\/p>\n","protected":false},"excerpt":{"rendered":"<p>Diesbach, 1. Januar 2019 Es guets N\u00fc\u00fcs! Bellina im Schnee (Foto: Graziano de Ambroggi) Der Vorstand vom Verein Bellina w\u00fcnscht allen ein gesundes, munteres, frohes neues Jahr mit guter Gesundheit und vielen sch\u00f6nen Momenten. Bellina (hinten links) mit Arthus und anderen Kolleg*innen (Foto: Anita Ochsner) Bellina w\u00fcnscht allen ein bewegtes Jahr! (Foto: Anita Ochsner) Vorstand &hellip; <\/p>\n<p class=\"link-more\"><a href=\"https:\/\/verein-bellina.ch\/?p=275\" class=\"more-link\"><span class=\"screen-reader-text\">\u201eEs guets N\u00fc\u00fcs 2019\u201c <\/span>weiterlesen<\/a><\/p>\n","protected":false},"author":4,"featured_media":0,"comment_status":"open","ping_status":"open","sticky":false,"template":"","format":"standard","meta":{"footnotes":""},"categories":[1],"tags":[],"class_list":["post-275","post","type-post","status-publish","format-standard","hentry","category-allgemein"],"_links":{"self":[{"href":"https:\/\/verein-bellina.ch\/index.php?rest_route=\/wp\/v2\/posts\/275","targetHints":{"allow":["GET"]}}],"collection":[{"href":"https:\/\/verein-bellina.ch\/index.php?rest_route=\/wp\/v2\/posts"}],"about":[{"href":"https:\/\/verein-bellina.ch\/index.php?rest_route=\/wp\/v2\/types\/post"}],"author":[{"embeddable":true,"href":"https:\/\/verein-bellina.ch\/index.php?rest_route=\/wp\/v2\/users\/4"}],"replies":[{"embeddable":true,"href":"https:\/\/verein-bellina.ch\/index.php?rest_route=%2Fwp%2Fv2%2Fcomments&post=275"}],"version-history":[{"count":5,"href":"https:\/\/verein-bellina.ch\/index.php?rest_route=\/wp\/v2\/posts\/275\/revisions"}],"predecessor-version":[{"id":280,"href":"https:\/\/verein-bellina.ch\/index.php?rest_route=\/wp\/v2\/posts\/275\/revisions\/280"}],"wp:attachment":[{"href":"https:\/\/verein-bellina.ch\/index.php?rest_route=%2Fwp%2Fv2%2Fmedia&parent=275"}],"wp:term":[{"taxonomy":"category","embeddable":true,"href":"https:\/\/verein-bellina.ch\/index.php?rest_route=%2Fwp%2Fv2%2Fcategories&post=275"},{"taxonomy":"post_tag","embeddable":true,"href":"https:\/\/verein-bellina.ch\/index.php?rest_route=%2Fwp%2Fv2%2Ftags&post=275"}],"curies":[{"name":"wp","href":"https:\/\/api.w.org\/{rel}","templated":true}]}}